{"id":954,"date":"2023-02-05T12:11:13","date_gmt":"2023-02-05T10:11:13","guid":{"rendered":"https:\/\/home.onwheels.de\/?p=954"},"modified":"2023-05-01T21:00:46","modified_gmt":"2023-05-01T19:00:46","slug":"neuer-rueckblick-engadin","status":"publish","type":"post","link":"https:\/\/home.onwheels.de\/?p=954","title":{"rendered":"Neuer R\u00fcckblick: Engadin"},"content":{"rendered":"\n<div class=\"wp-block-columns is-layout-flex wp-container-core-columns-is-layout-9d6595d7 wp-block-columns-is-layout-flex\">\n<div class=\"wp-block-column is-layout-flow wp-block-column-is-layout-flow\" style=\"flex-basis:66.66%\">\n<p>Soeben ist die 20-k\u00f6pfige Reisegruppe von der ersten OnWheels Gruppenreise in 2023 zur\u00fcckgekehrt. Die Reise f\u00fchrte nach Samedan im Herzen des Oberengadin (Schweiz). Der Ort ist dank  seiner zentralen Lage der Dreh- und Angelpunkt des \u00f6ffentlichen Verkehrs \u2013 auch der Rh\u00e4tischen Bahn &#8211; und somit der optimale Ausgangsort f\u00fcr Aktivit\u00e4ten im ganzen Tal.<\/p>\n\n\n\n<p>Den kompletten R\u00fcckblick der Reise mit Fotos lesen sie <a href=\"https:\/\/home.onwheels.de\/?page_id=921\" data-type=\"page\" data-id=\"921\">hier<\/a>&#8230;<\/p>\n<\/div>\n\n\n\n<div class=\"wp-block-column is-layout-flow wp-block-column-is-layout-flow\" style=\"flex-basis:33.33%\">\n<figure class=\"wp-block-image size-large\"><img loading=\"lazy\" decoding=\"async\" width=\"1024\" height=\"678\" src=\"https:\/\/home.onwheels.de\/wp-content\/uploads\/2023\/02\/DSC0220-Kopie-1024x678.jpg\" alt=\"\" class=\"wp-image-932\" srcset=\"https:\/\/home.onwheels.de\/wp-content\/uploads\/2023\/02\/DSC0220-Kopie-1024x678.jpg 1024w, https:\/\/home.onwheels.de\/wp-content\/uploads\/2023\/02\/DSC0220-Kopie-300x199.jpg 300w, https:\/\/home.onwheels.de\/wp-content\/uploads\/2023\/02\/DSC0220-Kopie-150x99.jpg 150w, https:\/\/home.onwheels.de\/wp-content\/uploads\/2023\/02\/DSC0220-Kopie-768x509.jpg 768w, https:\/\/home.onwheels.de\/wp-content\/uploads\/2023\/02\/DSC0220-Kopie-1536x1017.jpg 1536w, https:\/\/home.onwheels.de\/wp-content\/uploads\/2023\/02\/DSC0220-Kopie-2048x1356.jpg 2048w, https:\/\/home.onwheels.de\/wp-content\/uploads\/2023\/02\/DSC0220-Kopie-600x397.jpg 600w\" sizes=\"auto, (max-width: 1024px) 100vw, 1024px\" \/><\/figure>\n<\/div>\n<\/div>\n","protected":false},"excerpt":{"rendered":"<p>Soeben ist die 20-k\u00f6pfige Reisegruppe von der ersten OnWheels Gruppenreise in 2023 zur\u00fcckgekehrt. Die Reise f\u00fchrte nach Samedan im Herzen des Oberengadin (Schweiz). Der Ort ist dank seiner zentralen Lage der Dreh- und Angelpunkt des \u00f6ffentlichen Verkehrs \u2013 auch der&hellip; <\/p>\n","protected":false},"author":1,"featured_media":0,"comment_status":"open","ping_status":"open","sticky":false,"template":"","format":"standard","meta":{"footnotes":""},"categories":[58],"tags":[],"class_list":["post-954","post","type-post","status-publish","format-standard","hentry","category-gruppenfahrten"],"_links":{"self":[{"href":"https:\/\/home.onwheels.de\/index.php?rest_route=\/wp\/v2\/posts\/954","targetHints":{"allow":["GET"]}}],"collection":[{"href":"https:\/\/home.onwheels.de\/index.php?rest_route=\/wp\/v2\/posts"}],"about":[{"href":"https:\/\/home.onwheels.de\/index.php?rest_route=\/wp\/v2\/types\/post"}],"author":[{"embeddable":true,"href":"https:\/\/home.onwheels.de\/index.php?rest_route=\/wp\/v2\/users\/1"}],"replies":[{"embeddable":true,"href":"https:\/\/home.onwheels.de\/index.php?rest_route=%2Fwp%2Fv2%2Fcomments&post=954"}],"version-history":[{"count":1,"href":"https:\/\/home.onwheels.de\/index.php?rest_route=\/wp\/v2\/posts\/954\/revisions"}],"predecessor-version":[{"id":955,"href":"https:\/\/home.onwheels.de\/index.php?rest_route=\/wp\/v2\/posts\/954\/revisions\/955"}],"wp:attachment":[{"href":"https:\/\/home.onwheels.de\/index.php?rest_route=%2Fwp%2Fv2%2Fmedia&parent=954"}],"wp:term":[{"taxonomy":"category","embeddable":true,"href":"https:\/\/home.onwheels.de\/index.php?rest_route=%2Fwp%2Fv2%2Fcategories&post=954"},{"taxonomy":"post_tag","embeddable":true,"href":"https:\/\/home.onwheels.de\/index.php?rest_route=%2Fwp%2Fv2%2Ftags&post=954"}],"curies":[{"name":"wp","href":"https:\/\/api.w.org\/{rel}","templated":true}]}}